{"id":8213,"date":"2023-10-20T05:23:13","date_gmt":"2023-10-20T05:23:13","guid":{"rendered":"https:\/\/www.otomedic.com\/?p=8213"},"modified":"2023-10-20T07:22:59","modified_gmt":"2023-10-20T07:22:59","slug":"congreso-nacional-seorl-ccc","status":"publish","type":"post","link":"https:\/\/www.otomedic.com\/es\/noticias\/congreso-nacional-seorl-ccc\/","title":{"rendered":"Otomedic, en el Congreso Nacional\u00a0SEORL-CCC\u00a0y Congreso Hispano-Luso"},"content":{"rendered":"\n<p>Entre los pasados 5 y 8 de octubre un equipo de\u00a0Otomedic\u00a0se desplaz\u00f3 hasta Madrid para asistir al 74\u00ba Congreso Nacional de la Sociedad espa\u00f1ola de Otorrinolaringolog\u00eda y Cirug\u00eda de Cabeza y Cuello (SEORL-CCC). Una convenci\u00f3n que tambi\u00e9n aglutin\u00f3 el XIX Congreso Hispano-Luso con el objetivo de afianzar v\u00ednculos con el pa\u00eds vecino.<br><br>En el congreso, presentado por el Dr. Manuel Bernal\u00a0Sprekelsen, presidente de la\u00a0SEORL-CCC, asistieron alrededor de 1.500 asistentes y de 150 ponentes nacionales e internacionales que lideraron conferencias y mesas redondas. Durante los cuatro d\u00edas se realizaron 50 cursos de instrucci\u00f3n, 200 comunicaciones orales, 50 comunicaciones de video y m\u00e1s de 500 p\u00f3steres.<\/p>\n\n\n\n<figure class=\"wp-block-image size-large\"><a href=\"https:\/\/www.otomedic.com\/wp-content\/uploads\/2023\/10\/Oromedic_Congreso-1024x597.jpg\"><img loading=\"lazy\" decoding=\"async\" width=\"1024\" height=\"597\" src=\"https:\/\/www.otomedic.com\/wp-content\/uploads\/2023\/10\/Oromedic_Congreso-1024x597.jpg\" alt=\"\" class=\"wp-image-8215\" srcset=\"https:\/\/www.otomedic.com\/wp-content\/uploads\/2023\/10\/Oromedic_Congreso-1024x597.jpg 1024w, https:\/\/www.otomedic.com\/wp-content\/uploads\/2023\/10\/Oromedic_Congreso-300x175.jpg 300w, https:\/\/www.otomedic.com\/wp-content\/uploads\/2023\/10\/Oromedic_Congreso-768x448.jpg 768w, https:\/\/www.otomedic.com\/wp-content\/uploads\/2023\/10\/Oromedic_Congreso-1160x677.jpg 1160w, https:\/\/www.otomedic.com\/wp-content\/uploads\/2023\/10\/Oromedic_Congreso-86x50.jpg 86w, https:\/\/www.otomedic.com\/wp-content\/uploads\/2023\/10\/Oromedic_Congreso-650x379.jpg 650w, https:\/\/www.otomedic.com\/wp-content\/uploads\/2023\/10\/Oromedic_Congreso-1000x583.jpg 1000w, https:\/\/www.otomedic.com\/wp-content\/uploads\/2023\/10\/Oromedic_Congreso-50x29.jpg 50w, https:\/\/www.otomedic.com\/wp-content\/uploads\/2023\/10\/Oromedic_Congreso.jpg 1200w\" sizes=\"auto, (max-width: 1024px) 100vw, 1024px\" \/><\/a><figcaption><em>David Falguera, CEO de Otomedic Quir\u00fargica, y el Dr. Eduardo Lehrer<\/em><\/figcaption><\/figure>\n\n\n\n<p>Uno de los temas m\u00e1s interesantes para nosotros fue el curso de instrucci\u00f3n <em><strong>Aplicabilidad del l\u00e1ser azul en la consulta\u00a0ORL: indicaciones, recomendaciones t\u00e9cnicas y revisi\u00f3n de la evidencia<\/strong>,<\/em> impartido por los doctores Eduardo Lehrer y Mauricio L\u00f3pez.<\/p>\n\n\n\n<p>El Dr.\u00a0Lehrer\u00a0abord\u00f3 las diferentes patolog\u00edas tratables en el \u00e1mbito de faringe y laringe, mientras que el Dr. L\u00f3pez explic\u00f3 las posibles aplicaciones del l\u00e1ser azul en patolog\u00edas nasales. En una hora se discutieron aspectos del l\u00e1ser relacionados con sus caracter\u00edsticas\u00a0fotoangiol\u00edticas, los efectos que tiene sobre las zonas tratadas y la preservaci\u00f3n que se consigue sobre el tejido sano.<br><br>Adem\u00e1s, tambi\u00e9n se abordaron los posibles tratamientos que se pueden realizar con el l\u00e1ser azul de forma ambulatoria, reduciendo as\u00ed los costes de atenci\u00f3n, exponi\u00e9ndose casos de \u00e9xito dentro de este \u00e1mbito. Concretamente en esta conferencia, los asistentes mostraron un gran inter\u00e9s, con un amplio turno de preguntas y aclaraciones sobre muchos aspectos.<br><br>Respecto a las novedades tecnol\u00f3gicas presentes en el 74\u00ba <a href=\"https:\/\/congreso2023.seorl.net\/\" target=\"_blank\" rel=\"noopener\">Congreso Nacional\u00a0SEORL-CCC<\/a>\u00a0y XIX Congreso Hispano-Luso, hay que destacar la novedad presentada por\u00a0Olympus. Concretamente la nueva <a href=\"https:\/\/www.otomedic.com\/es\/novetats-es\/visualizacion-endoscopica-visera-elite-iii-olympus\/\">Torre\u00a0Visera\u00a0Elite\u00a0III (OTV-S700),<\/a> una soluci\u00f3n tecnol\u00f3gica presente al\u00a0portafolio\u00a0de\u00a0Otomedic, con una gran versatilidad con los diferentes modelos flexibles y con otras prestaciones del nuevo cabezal de c\u00e1mara 4K.<\/p>\n\n\n\n<figure class=\"wp-block-image size-large\"><a href=\"https:\/\/www.otomedic.com\/wp-content\/uploads\/2023\/09\/OTOMEDIC-VISERA-ELITE-III-1024x597.jpg\"><img loading=\"lazy\" decoding=\"async\" width=\"1024\" height=\"597\" src=\"https:\/\/www.otomedic.com\/wp-content\/uploads\/2023\/09\/OTOMEDIC-VISERA-ELITE-III-1024x597.jpg\" alt=\"\" class=\"wp-image-8191\" srcset=\"https:\/\/www.otomedic.com\/wp-content\/uploads\/2023\/09\/OTOMEDIC-VISERA-ELITE-III-1024x597.jpg 1024w, https:\/\/www.otomedic.com\/wp-content\/uploads\/2023\/09\/OTOMEDIC-VISERA-ELITE-III-300x175.jpg 300w, https:\/\/www.otomedic.com\/wp-content\/uploads\/2023\/09\/OTOMEDIC-VISERA-ELITE-III-768x448.jpg 768w, https:\/\/www.otomedic.com\/wp-content\/uploads\/2023\/09\/OTOMEDIC-VISERA-ELITE-III-1160x677.jpg 1160w, https:\/\/www.otomedic.com\/wp-content\/uploads\/2023\/09\/OTOMEDIC-VISERA-ELITE-III-86x50.jpg 86w, https:\/\/www.otomedic.com\/wp-content\/uploads\/2023\/09\/OTOMEDIC-VISERA-ELITE-III-650x379.jpg 650w, https:\/\/www.otomedic.com\/wp-content\/uploads\/2023\/09\/OTOMEDIC-VISERA-ELITE-III-1000x583.jpg 1000w, https:\/\/www.otomedic.com\/wp-content\/uploads\/2023\/09\/OTOMEDIC-VISERA-ELITE-III-50x29.jpg 50w, https:\/\/www.otomedic.com\/wp-content\/uploads\/2023\/09\/OTOMEDIC-VISERA-ELITE-III.jpg 1200w\" sizes=\"auto, (max-width: 1024px) 100vw, 1024px\" \/><\/a><\/figure>\n","protected":false},"excerpt":{"rendered":"<p>Entre los pasados 5 y 8 de octubre un equipo de\u00a0Otomedic\u00a0se desplaz\u00f3 hasta Madrid para asistir al 74\u00ba Congreso Nacional de la Sociedad espa\u00f1ola de Otorrinolaringolog\u00eda y Cirug\u00eda de Cabeza y Cuello (SEORL-CCC). Una convenci\u00f3n que tambi\u00e9n aglutin\u00f3 el XIX Congreso Hispano-Luso con el objetivo de afianzar v\u00ednculos con el pa\u00eds vecino.<a href=\"https:\/\/www.otomedic.com\/es\/noticias\/congreso-nacional-seorl-ccc\/\" class=\"exp-read-more exp-read-more-dots\">&#8230;<\/a><\/p>\n","protected":false},"author":3,"featured_media":8217,"comment_status":"closed","ping_status":"closed","sticky":false,"template":"","format":"standard","meta":{"footnotes":""},"categories":[26],"tags":[],"class_list":["post-8213","post","type-post","status-publish","format-standard","has-post-thumbnail","hentry","category-noticias"],"_links":{"self":[{"href":"https:\/\/www.otomedic.com\/es\/wp-json\/wp\/v2\/posts\/8213","targetHints":{"allow":["GET"]}}],"collection":[{"href":"https:\/\/www.otomedic.com\/es\/wp-json\/wp\/v2\/posts"}],"about":[{"href":"https:\/\/www.otomedic.com\/es\/wp-json\/wp\/v2\/types\/post"}],"author":[{"embeddable":true,"href":"https:\/\/www.otomedic.com\/es\/wp-json\/wp\/v2\/users\/3"}],"replies":[{"embeddable":true,"href":"https:\/\/www.otomedic.com\/es\/wp-json\/wp\/v2\/comments?post=8213"}],"version-history":[{"count":4,"href":"https:\/\/www.otomedic.com\/es\/wp-json\/wp\/v2\/posts\/8213\/revisions"}],"predecessor-version":[{"id":8224,"href":"https:\/\/www.otomedic.com\/es\/wp-json\/wp\/v2\/posts\/8213\/revisions\/8224"}],"wp:featuredmedia":[{"embeddable":true,"href":"https:\/\/www.otomedic.com\/es\/wp-json\/wp\/v2\/media\/8217"}],"wp:attachment":[{"href":"https:\/\/www.otomedic.com\/es\/wp-json\/wp\/v2\/media?parent=8213"}],"wp:term":[{"taxonomy":"category","embeddable":true,"href":"https:\/\/www.otomedic.com\/es\/wp-json\/wp\/v2\/categories?post=8213"},{"taxonomy":"post_tag","embeddable":true,"href":"https:\/\/www.otomedic.com\/es\/wp-json\/wp\/v2\/tags?post=8213"}],"curies":[{"name":"wp","href":"https:\/\/api.w.org\/{rel}","templated":true}]}}