{"id":8237,"date":"2023-11-07T12:43:07","date_gmt":"2023-11-07T12:43:07","guid":{"rendered":"https:\/\/www.otomedic.com\/?p=8237"},"modified":"2023-11-07T13:07:59","modified_gmt":"2023-11-07T13:07:59","slug":"forum-quirurgica-2023","status":"publish","type":"post","link":"https:\/\/www.otomedic.com\/es\/noticias\/forum-quirurgica-2023\/","title":{"rendered":"El F\u00f2rum Quir\u00fargica 2023 cuenta con Otomedic como \u00fanico patrocinador"},"content":{"rendered":"\n<p>El pasado viernes 27 de octubre tuvimos la oportunidad de participar en la s\u00e9ptima edici\u00f3n del F\u00f2rum Quir\u00fargica como patrocinadores \u00fanicos de uno de los espacios de debate de la medicina privada m\u00e1s importantes de nuestro pa\u00eds.<\/p>\n\n\n\n<p>El evento, que se celebr\u00f3 en el auditorio de La Pedrera de Barcelona, centr\u00f3 su programa en la gesti\u00f3n de equipos profesionales en el \u00e1mbito sanitario, una tem\u00e1tica muy interesante dentro de cualquier especialidad m\u00e9dica.<\/p>\n\n\n\n<p>Gracias a este primer patrocinio por parte de\u00a0Otomedic, nuestra marca tuvo una gran presencia en el foro a trav\u00e9s de diferentes materiales f\u00edsicos y digitales. Adem\u00e1s, nos permiti\u00f3 disfrutar del debate desde un lugar privilegiado, compartiendo conocimientos con grandes referentes de la medicina catalana, como el Dr. Jos\u00e9 M\u00aa\u00a0Ravent\u00f3s, socio fundador de Quir\u00fargica\u00a0Cirujanos\u00a0Asociados, o el Dr. \u00c0lex\u00a0Flor,\u00a0co-CEO\u00a0de Quir\u00fargica\u00a0Cirujanos\u00a0Asociados, el mayor grupo quir\u00fargico privado de Catalunya y organizador del Foro Quir\u00fargica.<\/p>\n\n\n\n<figure class=\"wp-block-image size-large\"><a href=\"https:\/\/www.otomedic.com\/wp-content\/uploads\/2023\/11\/OTOMEDIC_FO\u0300RUM-QUIRU\u0301RGICA_3-1024x597.jpg\"><img loading=\"lazy\" decoding=\"async\" width=\"1024\" height=\"597\" src=\"https:\/\/www.otomedic.com\/wp-content\/uploads\/2023\/11\/OTOMEDIC_FO\u0300RUM-QUIRU\u0301RGICA_3-1024x597.jpg\" alt=\"\" class=\"wp-image-8258\" srcset=\"https:\/\/www.otomedic.com\/wp-content\/uploads\/2023\/11\/OTOMEDIC_FO\u0300RUM-QUIRU\u0301RGICA_3-1024x597.jpg 1024w, https:\/\/www.otomedic.com\/wp-content\/uploads\/2023\/11\/OTOMEDIC_FO\u0300RUM-QUIRU\u0301RGICA_3-300x175.jpg 300w, https:\/\/www.otomedic.com\/wp-content\/uploads\/2023\/11\/OTOMEDIC_FO\u0300RUM-QUIRU\u0301RGICA_3-768x448.jpg 768w, https:\/\/www.otomedic.com\/wp-content\/uploads\/2023\/11\/OTOMEDIC_FO\u0300RUM-QUIRU\u0301RGICA_3-1160x677.jpg 1160w, https:\/\/www.otomedic.com\/wp-content\/uploads\/2023\/11\/OTOMEDIC_FO\u0300RUM-QUIRU\u0301RGICA_3-86x50.jpg 86w, https:\/\/www.otomedic.com\/wp-content\/uploads\/2023\/11\/OTOMEDIC_FO\u0300RUM-QUIRU\u0301RGICA_3-650x379.jpg 650w, https:\/\/www.otomedic.com\/wp-content\/uploads\/2023\/11\/OTOMEDIC_FO\u0300RUM-QUIRU\u0301RGICA_3-1000x583.jpg 1000w, https:\/\/www.otomedic.com\/wp-content\/uploads\/2023\/11\/OTOMEDIC_FO\u0300RUM-QUIRU\u0301RGICA_3-50x29.jpg 50w, https:\/\/www.otomedic.com\/wp-content\/uploads\/2023\/11\/OTOMEDIC_FO\u0300RUM-QUIRU\u0301RGICA_3.jpg 1200w\" sizes=\"auto, (max-width: 1024px) 100vw, 1024px\" \/><\/a><\/figure>\n\n\n\n<p>Dentro de la tem\u00e1tica de la gesti\u00f3n de equipos profesionales en el \u00e1mbito sanitario, el foro remarc\u00f3 la complejidad de esta tarea, priorizando una alineaci\u00f3n de los equipos empresarial, para despu\u00e9s empoderarlos y darles autonom\u00eda. Gracias a una atractiva agenda y una selecci\u00f3n de ponentes con un gran bagaje en la materia, el debate puso encima de la mesa algunas de las claves de esta gesti\u00f3n de equipos, desde diferentes e interesantes puntos de vista:<br><br>Agenda de la jornada<\/p>\n\n\n\n<ul class=\"wp-block-list\"><li><strong>Bienvenida<\/strong> a cargo del Dr. \u00c0lex\u00a0Flor,\u00a0co-CEO\u00a0de\u00a0Quir\u00fagica.<\/li><li><strong><em>Negociaciones\u2026 \u00bfVamos a decir mentiras?<\/em><\/strong> Jes\u00fas\u00a0Arcas, socio-fundador de\u00a0RiosArcas\u00a0asociados. Profesor de\u00a0ESADE.<\/li><li><strong><em>Reuniones\u2026 \u00a1Mucho ruido por nada!<\/em><\/strong> Bego\u00f1a Puente,\u00a0Senior\u00a0Advisor, Consultora y\u00a0Executive\u00a0Coach. Profesora de\u00a0ESADE\u00a0y Deusto.<\/li><li><strong><em>Como formar y liderar tu tribu<\/em><\/strong> Ram\u00f3n\u00a0Nogueras, psic\u00f3logo, profesor y divulgador.<\/li><li><strong><em>Los valores hacen campeones a los equipos<\/em><\/strong> Xesco\u00a0Espar, experto en Alto Rendimiento y\u00a0exentrenador\u00a0del FC Barcelona.<\/li><li><strong>Clausura <\/strong>a cargo del Dr. Jaume\u00a0Padr\u00f3s, presidente del Colegio Oficial de M\u00e9dicos de Barcelona, y la Dra. Gl\u00f2ria\u00a0Jodar, decana del Consejo de Colegios de Enfermeras y Enfermeros de Catalunya.<\/li><\/ul>\n\n\n\n<figure class=\"wp-block-image size-large\"><a href=\"https:\/\/www.otomedic.com\/wp-content\/uploads\/2023\/11\/OTOMEDIC_FO\u0300RUM-QUIRU\u0301RGICA_2-1024x597.jpg\"><img loading=\"lazy\" decoding=\"async\" width=\"1024\" height=\"597\" src=\"https:\/\/www.otomedic.com\/wp-content\/uploads\/2023\/11\/OTOMEDIC_FO\u0300RUM-QUIRU\u0301RGICA_2-1024x597.jpg\" alt=\"\" class=\"wp-image-8241\" srcset=\"https:\/\/www.otomedic.com\/wp-content\/uploads\/2023\/11\/OTOMEDIC_FO\u0300RUM-QUIRU\u0301RGICA_2-1024x597.jpg 1024w, https:\/\/www.otomedic.com\/wp-content\/uploads\/2023\/11\/OTOMEDIC_FO\u0300RUM-QUIRU\u0301RGICA_2-300x175.jpg 300w, https:\/\/www.otomedic.com\/wp-content\/uploads\/2023\/11\/OTOMEDIC_FO\u0300RUM-QUIRU\u0301RGICA_2-768x448.jpg 768w, https:\/\/www.otomedic.com\/wp-content\/uploads\/2023\/11\/OTOMEDIC_FO\u0300RUM-QUIRU\u0301RGICA_2-1160x677.jpg 1160w, https:\/\/www.otomedic.com\/wp-content\/uploads\/2023\/11\/OTOMEDIC_FO\u0300RUM-QUIRU\u0301RGICA_2-86x50.jpg 86w, https:\/\/www.otomedic.com\/wp-content\/uploads\/2023\/11\/OTOMEDIC_FO\u0300RUM-QUIRU\u0301RGICA_2-650x379.jpg 650w, https:\/\/www.otomedic.com\/wp-content\/uploads\/2023\/11\/OTOMEDIC_FO\u0300RUM-QUIRU\u0301RGICA_2-1000x583.jpg 1000w, https:\/\/www.otomedic.com\/wp-content\/uploads\/2023\/11\/OTOMEDIC_FO\u0300RUM-QUIRU\u0301RGICA_2-50x29.jpg 50w, https:\/\/www.otomedic.com\/wp-content\/uploads\/2023\/11\/OTOMEDIC_FO\u0300RUM-QUIRU\u0301RGICA_2.jpg 1200w\" sizes=\"auto, (max-width: 1024px) 100vw, 1024px\" \/><\/a><figcaption>Dr. Jos\u00e9 M\u00aa\u00a0Ravent\u00f3s, socio fundador de Quir\u00fargica, y David\u00a0Falguera, gerente de\u00a0Otomedic.<\/figcaption><\/figure>\n\n\n\n<p>David\u00a0Falguera, gerente de\u00a0Otomedic, valora \u201c<em>muy positivamente nuestra participaci\u00f3n en el foro como \u00fanico patrocinador del encuentro. Ha supuesto una gran oportunidad para reforzar nuestra imagen de marca, asoci\u00e1ndonos a un evento que genera un gran inter\u00e9s dentro de la medicina privada en Catalunya. Adem\u00e1s, nos ha permitido ampliar nuestros conocimientos y nuestra red de contactos, aprendiendo junto a grandes profesionales<\/em>\u201d.<\/p>\n\n\n\n<p>Desde\u00a0Otomedic\u00a0felicitamos a Quir\u00fargica\u00a0Cirujanos\u00a0Asociados\u00a0por impulsar y organizar encuentros de estas caracter\u00edsticas, con un alto nivel de compromiso y respeto hacia la comunidad m\u00e9dica. \u00a1Hasta el pr\u00f3ximo a\u00f1o!<\/p>\n","protected":false},"excerpt":{"rendered":"<p>uir\u00fargica como patrocinadores \u00fanicos de uno de los espacios de debate de la medicina privada m\u00e1s importantes de nuestro pa\u00eds.<a href=\"https:\/\/www.otomedic.com\/es\/noticias\/forum-quirurgica-2023\/\" class=\"exp-read-more exp-read-more-dots\">&#8230;<\/a><\/p>\n","protected":false},"author":3,"featured_media":8243,"comment_status":"closed","ping_status":"closed","sticky":false,"template":"","format":"standard","meta":{"footnotes":""},"categories":[26],"tags":[],"class_list":["post-8237","post","type-post","status-publish","format-standard","has-post-thumbnail","hentry","category-noticias"],"_links":{"self":[{"href":"https:\/\/www.otomedic.com\/es\/wp-json\/wp\/v2\/posts\/8237","targetHints":{"allow":["GET"]}}],"collection":[{"href":"https:\/\/www.otomedic.com\/es\/wp-json\/wp\/v2\/posts"}],"about":[{"href":"https:\/\/www.otomedic.com\/es\/wp-json\/wp\/v2\/types\/post"}],"author":[{"embeddable":true,"href":"https:\/\/www.otomedic.com\/es\/wp-json\/wp\/v2\/users\/3"}],"replies":[{"embeddable":true,"href":"https:\/\/www.otomedic.com\/es\/wp-json\/wp\/v2\/comments?post=8237"}],"version-history":[{"count":10,"href":"https:\/\/www.otomedic.com\/es\/wp-json\/wp\/v2\/posts\/8237\/revisions"}],"predecessor-version":[{"id":8261,"href":"https:\/\/www.otomedic.com\/es\/wp-json\/wp\/v2\/posts\/8237\/revisions\/8261"}],"wp:featuredmedia":[{"embeddable":true,"href":"https:\/\/www.otomedic.com\/es\/wp-json\/wp\/v2\/media\/8243"}],"wp:attachment":[{"href":"https:\/\/www.otomedic.com\/es\/wp-json\/wp\/v2\/media?parent=8237"}],"wp:term":[{"taxonomy":"category","embeddable":true,"href":"https:\/\/www.otomedic.com\/es\/wp-json\/wp\/v2\/categories?post=8237"},{"taxonomy":"post_tag","embeddable":true,"href":"https:\/\/www.otomedic.com\/es\/wp-json\/wp\/v2\/tags?post=8237"}],"curies":[{"name":"wp","href":"https:\/\/api.w.org\/{rel}","templated":true}]}}