{"id":9081,"date":"2025-05-27T11:25:06","date_gmt":"2025-05-27T11:25:06","guid":{"rendered":"https:\/\/www.otomedic.com\/?p=9081"},"modified":"2025-06-04T17:52:51","modified_gmt":"2025-06-04T17:52:51","slug":"ormacion-internacional-cirugia-de-columna-milan-orbeye-olympus","status":"publish","type":"post","link":"https:\/\/www.otomedic.com\/es\/noticias\/ormacion-internacional-cirugia-de-columna-milan-orbeye-olympus\/","title":{"rendered":"Formaci\u00f3n internacional en cirug\u00eda de columna en Mil\u00e1n con el ORBEYE de Olympus, dirigida por el Dr. Casajuana y con presencia de Otomedic"},"content":{"rendered":"\n<p>Del 14 al 16 de mayo, Mil\u00e1n acogi\u00f3 una nueva edici\u00f3n de la formaci\u00f3n internacional en cirug\u00eda de columna, celebrada en la prestigiosa <strong><em>Fondazione IRCCS Istituto Neurologico Carlo Besta<\/em><\/strong>, uno de los centros de referencia en neurociencias de Europa.<\/p>\n\n\n\n<p>Organizado en el marco del programa <strong><em>Olympus Continuum<\/em><\/strong>, el encuentro reuni\u00f3 a neurocirujanos y especialistas en patolog\u00eda espinal para profundizar en t\u00e9cnicas quir\u00fargicas de alta complejidad, con especial atenci\u00f3n al uso del <strong>exoscopio ORBEYE de Olympus<\/strong>.<\/p>\n\n\n\n<p><strong>Otomedic<\/strong> estuvo presente, representado por su CEO, <strong>David Falguera<\/strong>, acompa\u00f1ando a <strong>Alicia Pozo<\/strong> (Business Development & Marketing Manager Surgery Olympus Iberia) y al <strong>Dr. Edgar Casajuana<\/strong>, director cient\u00edfico del curso. El Dr. Casajuana, especialista en cirug\u00eda de columna en el <strong>ATLAS Spine Institute<\/strong> y <strong>\u00c0ptima Centre Cl\u00ednic Terrassa<\/strong>, jug\u00f3 un papel clave en la direcci\u00f3n y desarrollo de las sesiones te\u00f3ricas y quir\u00fargicas de la formaci\u00f3n.<\/p>\n\n\n\n<figure class=\"wp-block-image size-large\"><a href=\"https:\/\/www.otomedic.com\/wp-content\/uploads\/2025\/05\/NOTICIA-OTOMEDIC-1200X700-9-1024x597.png\"><img loading=\"lazy\" decoding=\"async\" width=\"1024\" height=\"597\" src=\"https:\/\/www.otomedic.com\/wp-content\/uploads\/2025\/05\/NOTICIA-OTOMEDIC-1200X700-9-1024x597.png\" alt=\"\" class=\"wp-image-9085\" srcset=\"https:\/\/www.otomedic.com\/wp-content\/uploads\/2025\/05\/NOTICIA-OTOMEDIC-1200X700-9-1024x597.png 1024w, https:\/\/www.otomedic.com\/wp-content\/uploads\/2025\/05\/NOTICIA-OTOMEDIC-1200X700-9-300x175.png 300w, https:\/\/www.otomedic.com\/wp-content\/uploads\/2025\/05\/NOTICIA-OTOMEDIC-1200X700-9-768x448.png 768w, https:\/\/www.otomedic.com\/wp-content\/uploads\/2025\/05\/NOTICIA-OTOMEDIC-1200X700-9-1160x677.png 1160w, https:\/\/www.otomedic.com\/wp-content\/uploads\/2025\/05\/NOTICIA-OTOMEDIC-1200X700-9-86x50.png 86w, https:\/\/www.otomedic.com\/wp-content\/uploads\/2025\/05\/NOTICIA-OTOMEDIC-1200X700-9-650x379.png 650w, https:\/\/www.otomedic.com\/wp-content\/uploads\/2025\/05\/NOTICIA-OTOMEDIC-1200X700-9-1000x583.png 1000w, https:\/\/www.otomedic.com\/wp-content\/uploads\/2025\/05\/NOTICIA-OTOMEDIC-1200X700-9-50x29.png 50w, https:\/\/www.otomedic.com\/wp-content\/uploads\/2025\/05\/NOTICIA-OTOMEDIC-1200X700-9.png 1200w\" sizes=\"auto, (max-width: 1024px) 100vw, 1024px\" \/><\/a><\/figure>\n\n\n\n<p>Durante dos intensas jornadas, los participantes asistieron a cirug\u00edas en directo a cargo de reconocidos expertos como el <strong>Prof. Francesco Costa<\/strong>, el <strong>Dr. Marco Schiariti<\/strong> y el propio <strong>Dr. Casajuana<\/strong>. El programa incluy\u00f3 adem\u00e1s revisi\u00f3n de casos cl\u00ednicos, t\u00e9cnicas exosc\u00f3picas, gesti\u00f3n de complicaciones y pr\u00e1cticas con modelos sint\u00e9ticos de columna cervical, tanto por abordaje anterior como posterior.<\/p>\n\n\n\n<p>El <strong>exoscopio ORBEYE de Olympus<\/strong>, tecnolog\u00eda incluida en el portafolio de Otomedic, permite una visualizaci\u00f3n quir\u00fargica en <strong>4K 3D<\/strong> con gran profundidad, precisi\u00f3n y ergonom\u00eda. Resulta especialmente \u00fatil en intervenciones como resecciones de tumores intradurales, lesiones intramedulares o discectom\u00edas cervicales, aportando una soluci\u00f3n avanzada para la neurocirug\u00eda de m\u00e1s alto nivel.<\/p>\n\n\n\n<p>Desde <strong>Otomedic<\/strong>, nos enorgullece participar en iniciativas de este nivel, que refuerzan nuestro compromiso con la innovaci\u00f3n tecnol\u00f3gica y la formaci\u00f3n especializada en cirug\u00eda de alta complejidad.<\/p>\n\n\n\n<figure class=\"wp-block-image size-large\"><a href=\"https:\/\/www.otomedic.com\/wp-content\/uploads\/2025\/05\/NOTICIA-OTOMEDIC-1200X700-8-1-1024x597.png\"><img loading=\"lazy\" decoding=\"async\" width=\"1024\" height=\"597\" src=\"https:\/\/www.otomedic.com\/wp-content\/uploads\/2025\/05\/NOTICIA-OTOMEDIC-1200X700-8-1-1024x597.png\" alt=\"\" class=\"wp-image-9083\" srcset=\"https:\/\/www.otomedic.com\/wp-content\/uploads\/2025\/05\/NOTICIA-OTOMEDIC-1200X700-8-1-1024x597.png 1024w, https:\/\/www.otomedic.com\/wp-content\/uploads\/2025\/05\/NOTICIA-OTOMEDIC-1200X700-8-1-300x175.png 300w, https:\/\/www.otomedic.com\/wp-content\/uploads\/2025\/05\/NOTICIA-OTOMEDIC-1200X700-8-1-768x448.png 768w, https:\/\/www.otomedic.com\/wp-content\/uploads\/2025\/05\/NOTICIA-OTOMEDIC-1200X700-8-1-1160x677.png 1160w, https:\/\/www.otomedic.com\/wp-content\/uploads\/2025\/05\/NOTICIA-OTOMEDIC-1200X700-8-1-86x50.png 86w, https:\/\/www.otomedic.com\/wp-content\/uploads\/2025\/05\/NOTICIA-OTOMEDIC-1200X700-8-1-650x379.png 650w, https:\/\/www.otomedic.com\/wp-content\/uploads\/2025\/05\/NOTICIA-OTOMEDIC-1200X700-8-1-1000x583.png 1000w, https:\/\/www.otomedic.com\/wp-content\/uploads\/2025\/05\/NOTICIA-OTOMEDIC-1200X700-8-1-50x29.png 50w, https:\/\/www.otomedic.com\/wp-content\/uploads\/2025\/05\/NOTICIA-OTOMEDIC-1200X700-8-1.png 1200w\" sizes=\"auto, (max-width: 1024px) 100vw, 1024px\" \/><\/a><\/figure>\n","protected":false},"excerpt":{"rendered":"<p>Del 14 al 16 de mayo, Mil\u00e1n acogi\u00f3 una nueva edici\u00f3n de la formaci\u00f3n internacional en cirug\u00eda de columna, celebrada en la prestigiosa Fondazione IRCCS Istituto Neurologico Carlo Besta, uno de los centros de referencia en neurociencias de Europa.<a href=\"https:\/\/www.otomedic.com\/es\/noticias\/ormacion-internacional-cirugia-de-columna-milan-orbeye-olympus\/\" class=\"exp-read-more exp-read-more-dots\">&#8230;<\/a><\/p>\n","protected":false},"author":3,"featured_media":9087,"comment_status":"closed","ping_status":"closed","sticky":false,"template":"","format":"standard","meta":{"footnotes":""},"categories":[26],"tags":[],"class_list":["post-9081","post","type-post","status-publish","format-standard","has-post-thumbnail","hentry","category-noticias"],"_links":{"self":[{"href":"https:\/\/www.otomedic.com\/es\/wp-json\/wp\/v2\/posts\/9081","targetHints":{"allow":["GET"]}}],"collection":[{"href":"https:\/\/www.otomedic.com\/es\/wp-json\/wp\/v2\/posts"}],"about":[{"href":"https:\/\/www.otomedic.com\/es\/wp-json\/wp\/v2\/types\/post"}],"author":[{"embeddable":true,"href":"https:\/\/www.otomedic.com\/es\/wp-json\/wp\/v2\/users\/3"}],"replies":[{"embeddable":true,"href":"https:\/\/www.otomedic.com\/es\/wp-json\/wp\/v2\/comments?post=9081"}],"version-history":[{"count":4,"href":"https:\/\/www.otomedic.com\/es\/wp-json\/wp\/v2\/posts\/9081\/revisions"}],"predecessor-version":[{"id":9093,"href":"https:\/\/www.otomedic.com\/es\/wp-json\/wp\/v2\/posts\/9081\/revisions\/9093"}],"wp:featuredmedia":[{"embeddable":true,"href":"https:\/\/www.otomedic.com\/es\/wp-json\/wp\/v2\/media\/9087"}],"wp:attachment":[{"href":"https:\/\/www.otomedic.com\/es\/wp-json\/wp\/v2\/media?parent=9081"}],"wp:term":[{"taxonomy":"category","embeddable":true,"href":"https:\/\/www.otomedic.com\/es\/wp-json\/wp\/v2\/categories?post=9081"},{"taxonomy":"post_tag","embeddable":true,"href":"https:\/\/www.otomedic.com\/es\/wp-json\/wp\/v2\/tags?post=9081"}],"curies":[{"name":"wp","href":"https:\/\/api.w.org\/{rel}","templated":true}]}}